{"id":2583,"date":"2020-08-03T17:32:10","date_gmt":"2020-08-03T15:32:10","guid":{"rendered":"https:\/\/iduevagamondi.com\/?p=2583"},"modified":"2021-07-29T15:47:36","modified_gmt":"2021-07-29T13:47:36","slug":"il-cammino-di-san-vili-trentino","status":"publish","type":"post","link":"https:\/\/iduevagamondi.com\/it\/il-cammino-di-san-vili-trentino\/","title":{"rendered":"Il Cammino di San Vili &#8211; Trentino"},"content":{"rendered":"\t\t<div data-elementor-type=\"wp-post\" data-elementor-id=\"2583\" class=\"elementor elementor-2583\" data-elementor-post-type=\"post\">\n\t\t\t\t\t\t<section class=\"elementor-section elementor-top-section elementor-element elementor-element-547c25 elementor-section-boxed elementor-section-height-default elementor-section-height-default\" data-id=\"547c25\" data-element_type=\"section\" data-e-type=\"section\">\n\t\t\t\t\t\t<div class=\"elementor-container elementor-column-gap-default\">\n\t\t\t\t\t<div class=\"elementor-column elementor-col-100 elementor-top-column elementor-element elementor-element-2cc7f051\" data-id=\"2cc7f051\" data-element_type=\"column\" data-e-type=\"column\">\n\t\t\t<div class=\"elementor-widget-wrap elementor-element-populated\">\n\t\t\t\t\t\t<div class=\"elementor-element elementor-element-50a93805 elementor-widget elementor-widget-text-editor\" data-id=\"50a93805\" data-element_type=\"widget\" data-e-type=\"widget\" data-widget_type=\"text-editor.default\">\n\t\t\t\t<div class=\"elementor-widget-container\">\n\t\t\t\t\t\t\t\t\t<p>Camminare.<\/p><p>Scoprire.<\/p><p>Entrare in simbiosi con il paesaggio circostante.<\/p><p>Vivere e sentirsi vivi.<\/p><p>Passo dopo passo.<\/p><p>Tutto questo andar lenti, conoscere per conoscersi e staccare letteralmente la spina dal mondo virtuale, frenetico se non addirittura caotico che ci circonda.<\/p><p>Siamo sempre stati affascinati da questo mondo, dai cammini ma forse per pigrizia, forse per paura o forse per le solite scuse non ne abbiamo mai fatti finch\u00e8 non \u00e8 arrivata quella stupenda telefonata di Sara da Campiglio che ci proponeva di realizzare un reportage sul loro: il Cammino di San Vili.<\/p><p>L\u2019eccitazione iniziale, la voglia di vivere una nuova esperienza ci hanno subito emozionato tantissimo ma poi \u00e8 entrato in gioco il panico per scegliere l\u2019attrezzatura, capire come fare perch\u00e9 ci aspettavano cento chilometri da Madonna di Campiglio a Trento da fare in quattro giorni.<\/p><p>Come sempre prevale l\u2019ottimismo e quindi eccoci pronti a partire destinazione Alta Val Rendena.<\/p><p>Il minimo indispensabile negli zaini: Nikon Z7 con il 24-70mm ed il drone nello zaino di Simone, D7500 con 18-140mm in quello di Romina. Un paio di pantaloni, una maglietta ed una felpa, giacca impermeabile indossata data la pioggia prevista e nulla di pi\u00f9.<\/p><p>Non appena arriviamo a Campiglio incontriamo la nostra guida e compagna di avventura Francesca. Dal primo istante nasce subito un feeling incredibilmente stupendo, ci divertiremo di sicuro.<\/p><p>Abbiamo la serata libera per cui decidiamo di salire al Lago Nero per fare alcuni scatti al Brenta e poi si va a dormire presto perch\u00e9 all\u2019alba si partir\u00e0.<\/p><p>La prima giornata inizia con il cielo grigio, qualche goccia di pioggia. Non c\u2019\u00e8 praticamente nessuno in giro, il morale \u00e8 alto perch\u00e9 come ogni volta, qui in Val Rendena, ci sentiamo a casa. Il cielo minaccia acqua ma siamo fortunati e man mano che perdiamo quota scendendo verso Fisto si apre sempre di pi\u00f9. Il ritmo \u00e8 buono come l\u2019atmosfera e parlottando allegramente ci capita anche di trovare dei funghi porcini che ovviamente raccogliamo. Incontriamo e superiamo paesi, borgate, chiese una pi\u00f9 belle dell\u2019altra fino a Carisolo dove ci fermiamo ad ammirare la bellezza dei castagni secolari che si tingono d\u2019autunno. Una tappa dal sapore rurale, autentico e vivo. Ci fanno compagnia i campanacci delle mucche \u201cRazza Rendena\u201d e il sibilo del vento tra le piante mentre ci avviciniamo alla nostra conclusione di tappa \u201cCasa Moresc\u201d nell\u2019abitato di Fisto mentre il cielo si \u00e8 decisamente incupito. Una bella birra fresca per festeggiare mentre l\u2019atmosfera si fa sempre pi\u00f9 turbolenta, le nuvole si addossano alle montagne ed improvvisamente si scatena un violento temporale che ci accompagna finch\u00e8 non ci addormentiamo.<\/p><p>Il risveglio \u00e8 autunnale, nebbiolina e qualche goccia di pioggia ci faranno da compagni in questa lunga tappa dal sapore alpino. Se fossimo in una corsa ciclistica sarebbe La Tappa che decide la corsa, infatti ci aspettano mille e cinquecento metri di dislivello di salita.<\/p><p>Partiamo prestissimo perch\u00e9 saranno trenta i chilometri da percorrere e ci saranno degli strappetti da affrontare niente male. Siamo immersi nel verde, attraversiamo pinete spettacolari, incontriamo salamandre, raccogliamo funghi e ci conosciamo sempre pi\u00f9. Da perfetti sconosciuti ad amici ed ora pellegrini. Capiamo subito quanto sia magico il cammino e che sorprese porti con s\u00e9. \u00a0Dopo poco siamo nel vero \u201cgran premio della montagna\u201d del San Vili, siamo nel punto pi\u00f9 panoramico sul Passo Daone mentre il cielo continua ad esser bello chiuso ed ogni tanto il vento porta con s\u00e9 qualche timida goccia di pioggia. Ottocento metri di dislivello fatti, siamo ancora lontani dal traguardo ma siamo circondati da un paesaggio sempre pi\u00f9 colorato con le pi\u00f9 svariate sfumature di verde e man mano che scendiamo di quota il sole spunta e illumina il fitto sottobosco. Alle nostre spalle si scatena un nuovo temporale che per\u00f2 decide di graziarci mentre risaliamo per raggiungere Iron, un vero gioiello di architettura che sembra veramente esser isolato dal mondo. Ci fermeremmo volentieri qui a lungo ma dobbiamo continuare perch\u00e9 Stenico, la nostra meta, ci sta aspettando. Questo paese, scenograficamente parlando \u00e8 splendido e risalendo verso il \u201cBosco Arte Stenico\u201d ci troviamo di fronte una cartolina reale con il castello che domina la valle, il tramonto ed un silenzio surreale che ci accompagna tra le pi\u00f9 svariate installazioni artistiche. Siamo costretti ad accendere le frontaline perch\u00e9 le riprese fotografiche ci hanno fatto \u201cperdere\u201d un po\u2019 di tempo. Che poi perdere, in base a chi, a cosa si pu\u00f2 definire di aver perso. Il cammino ci sta facendo capire quanto sia importante l\u2019andar lenti, l\u2019entrare in simbiosi con il paesaggio circostante e quindi se arriviamo un po\u2019 lunghi va bene uguale per noi. Se fatto con l\u2019orologio al polso non \u00e8 pi\u00f9 un cammino e lo stress rovinerebbe la magica atmosfera che stiam portando con noi.<\/p><p>Ci lasciamo alle spalle l\u2019abitato per raggiungere la nostra tappa serale, Seo. Qui siamo ospiti del B&amp;B La Lanterna. Senza dubbio si riveler\u00e0 una delle perle indiscusse dell\u2019intero viaggio. Ci sentiamo a casa. Una cena con i fiocchi, coccolati con polenta, formaggi, camoscio e per finire la grappa.<\/p><p>Floro e sua moglie ci sanno fare, sono due persone meravigliose, uniche e dopo tutti questi chilometri, questi sali e scendi sono un vero toccasana per il morale. Grazie.<\/p><p>Cielo sereno, aria frizzante e una colazione perfetta con tanto di torta appena sfornata.<\/p><p>Il buongiorno \u00e8 servito. Il morale \u00e8 alle stelle quando lasciamo l\u2019abitato di Seo e ci dirigiamo verso Tavodo tra campi di lavanda e viste dolomitiche per proseguire ancora verso Moline.<\/p><p>Qui ci fermiamo stupiti, increduli perch\u00e9 sembra di essere finiti in Toscana, in un borgo dell\u2019entroterra toscano o provenzale. Il ponte che attraversa il fiume, i colori delle case, i fiori e quel silenzio che ti entra dentro e fa capire quanto siamo piccoli ed \u00e8 proprio questo aspetto che stiamo capendo passo dopo passo. La nostra compagna di viaggio, Francesca, \u00e8 un\u2019esperta di cammini e ci racconta le sue esperienze, le sue avventure e ci fa stare bene perch\u00e9 c\u2019\u00e8 un mondo da imparare da lei. Stupendo. Lei ci d\u00e0 morale nei momenti di stanchezza, ci fa viaggiare con la mente e ci rallegra. E\u2019 una ragazza incredibile, un\u2019Amica che diventa quasi una sorella chilometro dopo chilometro.<\/p><p>E cos\u00ec superiamo questo paesino isolato dove si respira aria d\u2019altri tempi e mentre costeggiamo la forra, il precipizio alla nostra destra Simone sente qualcosa che non va. Si toglie lo scarponcino, ed ecco la prima vescica del pellegrino. Un ago, un filo e si riparte. Superiamo la chiesetta di San Vigilio da cui possiamo osservare tutto il percorso fatto in mattinata e ci mettiamo a leggere il diario dei pellegrini mentre si avvicina velocemente il tramonto. Siamo ancora lontani dall\u2019abitato di Mangone, accendiamo le frontaline ed affrontiamo un passaggio decisamente esposto, non dei pi\u00f9 belli da fare di notte mentre d\u2019innanzi a noi eccolo, il Lago di Garda. Svoltiamo nel boschetto e spunta una torcia, che pian piano di viene incontro. E\u2019 il proprietario dell\u2019affitacamere \u201cEnjoy the Silence\u201d che ci stava aspettando da qualche oretta. Ehhhmmm anche stasera siamo decisamente in ritardo ma che ci volete fare siam fatti cos\u00ec\u2026 il cammino, la lentezza, i momenti di riflessione stanno prendendo piede dentro di noi e non guardiamo pi\u00f9 l\u2019ora.<\/p><p>Ci sistemiamo, accendiamo il caminetto, cuciniamo e ci godiamo un bel bicchiere di vino mentre sistemiamo l\u2019attrezzatura fotografica, controlliamo i social e poi andiamo a dormire, cotti come non mai ma con la testa gi\u00e0 a Trento.<\/p><p>Cielo infuocato, paese addormentato e tre pellegrini gi\u00e0 in cammino. Inizia l\u2019ultima giornata sul San Vili. Anche quest\u2019oggi il cielo sereno non vuole farci compagnia e come sempre si copre. Rispetto a Campiglio fa decisamente pi\u00f9 caldo. I chilometri si sommano e lasciamo alle nostre spalle il Garda avvicinandoci ai laghi di Lamar. Nei boschetti che attraversiamo troviamo alcune tracce dell\u2019orso proprio sul sentiero ma purtroppo non riusciamo a vederlo e per noi, fieri sostenitori, \u00e8 un vero peccato. La voglia di arrivare al traguardo \u00e8 tanta come lo \u00e8 la voglia di godersi ogni istante. Si \u00e8 creata una famiglia in questo viaggio e mentre il sole lentamente scende e scompare dietro un tappeto di nuvole grigie, ci rendiamo conto di esser ancora lontani dal duomo di Trento. Proviamo a forzare il ritmo ma finiamo in un punto decisamente esposto, in discesa a picco sulla vallata sottostante. Ci fermiamo e proseguiamo con calma. Il passaggio pi\u00f9 difficile del cammino \u00e8 superato, iniziamo l\u2019avvicinamento visivo alla citt\u00e0 che per\u00f2, forse complice anche la stanchezza, sembra non avvicinarsi mai. E\u2019 notte fonda, il silenzio e la pace della montagna lasciano, minuto dopo minuto, spazio ai rumori della citt\u00e0, gli alberi alle case ed iniziamo ad incontrare via via sempre pi\u00f9 persone. Eccoci, siamo sull\u2019Adige ed intravediamo in lontananza il Duomo. Il terriccio, le pietre ora sono asfalto, le auto sfrecciano veloci mentre il nostro ritmo rallenta, si velocizza ma poi rallenta nuovamente.<\/p><p>Svoltiamo a sinistra, poi a destra, cento metri ed eccolo l\u00ec, davanti a noi a pochi metri: il Duomo di Trento. Fermo, immobile, impassibile mentre in noi c\u2019\u00e8 un caos di emozioni, stati d\u2019animo indescrivibili.<\/p><p>Tantissimi ragazzi affollano i dehors con la loro camicia perfetta e lo spritz in mano. Noi, vestiti da montanari, stanchi, esausti ma pieni di vita e soprattutto ricchi dentro, ricchissimi come non mai prima d\u2019ora. Ci guardiamo, ci abbracciamo, esultiamo. Ci sentiamo Vivi e felici.<\/p><p>Ordiniamo da mangiare una pizza, che ovviamente con lo spirito peregrino scegliamo di dividere assieme. Una bottiglia di un vino trentino. La gente ci guarda stranita, ci osserva e sorride.<\/p><p>Si conclude in questa piazza il nostro primo Cammino, il San Vili.<\/p><p>La felicit\u00e0 di avercela fatta con le nostre gambe, con i nostri zaini, con i nostri ritmi ma soprattutto aver capito quando sia bello camminare, quanto sia sempre pi\u00f9 necessario vivere con lentezza, quasi al ritmo delle stagioni perch\u00e9 cos\u00ec facendo capisci veramente l\u2019importanza delle piccole cose, della semplicit\u00e0 ma soprattutto della vita.<\/p><p>Grazie Francesca per essere stata una compagnia di viaggio indimenticabile.<\/p><p>Grazie Sara per aver creduto in Noi.<\/p><p>Grazie Cammino di San Vili per averci fatto capire quanto sia bello essere dei pellegrini.<\/p><p>\u00a0<\/p><p style=\"text-align: center;\"><strong><em>\u201cNon esiste una via verso la felicit\u00e0.\u00a0 La felicit\u00e0 \u00e8 la via.\u201d <\/em><\/strong><\/p><p style=\"text-align: center;\"><strong><em>[Buddha]<\/em><\/strong><\/p>\t\t\t\t\t\t\t\t<\/div>\n\t\t\t\t<\/div>\n\t\t\t\t<div class=\"elementor-element elementor-element-2372672 elementor-widget elementor-widget-video\" data-id=\"2372672\" data-element_type=\"widget\" data-e-type=\"widget\" data-settings=\"{&quot;youtube_url&quot;:&quot;https:\\\/\\\/youtu.be\\\/00H1a8yNIJM&quot;,&quot;video_type&quot;:&quot;youtube&quot;,&quot;controls&quot;:&quot;yes&quot;}\" data-widget_type=\"video.default\">\n\t\t\t\t<div class=\"elementor-widget-container\">\n\t\t\t\t\t\t\t<div class=\"elementor-wrapper elementor-open-inline\">\n\t\t\t<div class=\"elementor-video\"><\/div>\t\t<\/div>\n\t\t\t\t\t\t<\/div>\n\t\t\t\t<\/div>\n\t\t\t\t\t<\/div>\n\t\t<\/div>\n\t\t\t\t\t<\/div>\n\t\t<\/section>\n\t\t\t\t<\/div>\n\t\t","protected":false},"excerpt":{"rendered":"<p>Camminare. Scoprire. Entrare in simbiosi con il paesaggio circostante. Vivere e sentirsi vivi. Passo dopo passo. Tutto questo andar lenti, conoscere per conoscersi e staccare letteralmente la spina dal mondo virtuale, frenetico se non addirittura caotico che ci circonda. Siamo sempre stati affascinati da questo mondo, dai cammini ma forse per pigrizia, forse per paura &#8230; <\/p>\n<p class=\"read-more-container\"><a title=\"Il Cammino di San Vili &#8211; Trentino\" class=\"read-more button\" href=\"https:\/\/iduevagamondi.com\/it\/il-cammino-di-san-vili-trentino\/#more-2583\" aria-label=\"More on Il Cammino di San Vili &#8211; Trentino\">Leggi tutto<\/a><\/p>\n","protected":false},"author":1,"featured_media":2674,"comment_status":"open","ping_status":"open","sticky":false,"template":"elementor_theme","format":"standard","meta":{"footnotes":""},"categories":[9,4,5,3,6],"tags":[],"class_list":["post-2583","post","type-post","status-publish","format-standard","has-post-thumbnail","hentry","category-dolomites","category-made-in-italy","category-montagna","category-viaggi","category-wildlife","infinite-scroll-item","generate-columns","tablet-grid-50","mobile-grid-100","grid-parent","grid-50","no-featured-image-padding"],"yoast_head":"<!-- This site is optimized with the Yoast SEO plugin v28.3 - https:\/\/yoast.com\/product\/yoast-seo-wordpress\/ -->\n<title>Il Cammino di San Vili - Trentino - IDueVagamondi<\/title>\n<meta name=\"description\" content=\"Camminare.Scoprire.Entrare in simbiosi con il paesaggio circostante.Vivere e sentirsi vivi.Passo dopo passo.Tutto questo andar lenti, conoscere per\" \/>\n<meta name=\"robots\" content=\"index, follow, max-snippet:-1, max-image-preview:large, max-video-preview:-1\" \/>\n<link rel=\"canonical\" href=\"https:\/\/iduevagamondi.com\/it\/il-cammino-di-san-vili-trentino\/\" \/>\n<meta property=\"og:locale\" content=\"it_IT\" \/>\n<meta property=\"og:type\" content=\"article\" \/>\n<meta property=\"og:title\" content=\"Il Cammino di San Vili - Trentino - IDueVagamondi\" \/>\n<meta property=\"og:description\" content=\"Camminare.Scoprire.Entrare in simbiosi con il paesaggio circostante.Vivere e sentirsi vivi.Passo dopo passo.Tutto questo andar lenti, conoscere per\" \/>\n<meta property=\"og:url\" content=\"https:\/\/iduevagamondi.com\/it\/il-cammino-di-san-vili-trentino\/\" \/>\n<meta property=\"og:site_name\" content=\"IDueVagamondi\" \/>\n<meta property=\"article:published_time\" content=\"2020-08-03T15:32:10+00:00\" \/>\n<meta property=\"article:modified_time\" content=\"2021-07-29T13:47:36+00:00\" \/>\n<meta property=\"og:image\" content=\"https:\/\/iduevagamondi.com\/wp-content\/uploads\/2020\/08\/CamminoSanVili-143.jpg\" \/>\n\t<meta property=\"og:image:width\" content=\"1208\" \/>\n\t<meta property=\"og:image:height\" content=\"504\" \/>\n\t<meta property=\"og:image:type\" content=\"image\/jpeg\" \/>\n<meta name=\"author\" content=\"Simone.2vagabondi\" \/>\n<meta name=\"twitter:card\" content=\"summary_large_image\" \/>\n<meta name=\"twitter:label1\" content=\"Scritto da\" \/>\n\t<meta name=\"twitter:data1\" content=\"Simone.2vagabondi\" \/>\n\t<meta name=\"twitter:label2\" content=\"Tempo di lettura stimato\" \/>\n\t<meta name=\"twitter:data2\" content=\"8 minuti\" \/>\n<script type=\"application\/ld+json\" class=\"yoast-schema-graph\">{\"@context\":\"https:\\\/\\\/schema.org\",\"@graph\":[{\"@type\":\"Article\",\"@id\":\"https:\\\/\\\/iduevagamondi.com\\\/it\\\/il-cammino-di-san-vili-trentino\\\/#article\",\"isPartOf\":{\"@id\":\"https:\\\/\\\/iduevagamondi.com\\\/it\\\/il-cammino-di-san-vili-trentino\\\/\"},\"author\":{\"name\":\"Simone.2vagabondi\",\"@id\":\"https:\\\/\\\/iduevagamondi.com\\\/it\\\/#\\\/schema\\\/person\\\/3fb438fba9a6d5d86bbd718d797dfc85\"},\"headline\":\"Il Cammino di San Vili &#8211; Trentino\",\"datePublished\":\"2020-08-03T15:32:10+00:00\",\"dateModified\":\"2021-07-29T13:47:36+00:00\",\"mainEntityOfPage\":{\"@id\":\"https:\\\/\\\/iduevagamondi.com\\\/it\\\/il-cammino-di-san-vili-trentino\\\/\"},\"wordCount\":1725,\"commentCount\":0,\"publisher\":{\"@id\":\"https:\\\/\\\/iduevagamondi.com\\\/it\\\/#organization\"},\"image\":{\"@id\":\"https:\\\/\\\/iduevagamondi.com\\\/it\\\/il-cammino-di-san-vili-trentino\\\/#primaryimage\"},\"thumbnailUrl\":\"https:\\\/\\\/iduevagamondi.com\\\/wp-content\\\/uploads\\\/2020\\\/08\\\/CamminoSanVili-143.jpg\",\"articleSection\":[\"Dolomites\",\"Made in Italy\",\"Montagna\",\"Viaggi\",\"Wildlife\"],\"inLanguage\":\"it-IT\",\"potentialAction\":[{\"@type\":\"CommentAction\",\"name\":\"Comment\",\"target\":[\"https:\\\/\\\/iduevagamondi.com\\\/it\\\/il-cammino-di-san-vili-trentino\\\/#respond\"]}]},{\"@type\":\"WebPage\",\"@id\":\"https:\\\/\\\/iduevagamondi.com\\\/it\\\/il-cammino-di-san-vili-trentino\\\/\",\"url\":\"https:\\\/\\\/iduevagamondi.com\\\/it\\\/il-cammino-di-san-vili-trentino\\\/\",\"name\":\"Il Cammino di San Vili - Trentino - IDueVagamondi\",\"isPartOf\":{\"@id\":\"https:\\\/\\\/iduevagamondi.com\\\/it\\\/#website\"},\"primaryImageOfPage\":{\"@id\":\"https:\\\/\\\/iduevagamondi.com\\\/it\\\/il-cammino-di-san-vili-trentino\\\/#primaryimage\"},\"image\":{\"@id\":\"https:\\\/\\\/iduevagamondi.com\\\/it\\\/il-cammino-di-san-vili-trentino\\\/#primaryimage\"},\"thumbnailUrl\":\"https:\\\/\\\/iduevagamondi.com\\\/wp-content\\\/uploads\\\/2020\\\/08\\\/CamminoSanVili-143.jpg\",\"datePublished\":\"2020-08-03T15:32:10+00:00\",\"dateModified\":\"2021-07-29T13:47:36+00:00\",\"description\":\"Camminare.Scoprire.Entrare in simbiosi con il paesaggio circostante.Vivere e sentirsi vivi.Passo dopo passo.Tutto questo andar lenti, conoscere per\",\"breadcrumb\":{\"@id\":\"https:\\\/\\\/iduevagamondi.com\\\/it\\\/il-cammino-di-san-vili-trentino\\\/#breadcrumb\"},\"inLanguage\":\"it-IT\",\"potentialAction\":[{\"@type\":\"ReadAction\",\"target\":[\"https:\\\/\\\/iduevagamondi.com\\\/it\\\/il-cammino-di-san-vili-trentino\\\/\"]}]},{\"@type\":\"ImageObject\",\"inLanguage\":\"it-IT\",\"@id\":\"https:\\\/\\\/iduevagamondi.com\\\/it\\\/il-cammino-di-san-vili-trentino\\\/#primaryimage\",\"url\":\"https:\\\/\\\/iduevagamondi.com\\\/wp-content\\\/uploads\\\/2020\\\/08\\\/CamminoSanVili-143.jpg\",\"contentUrl\":\"https:\\\/\\\/iduevagamondi.com\\\/wp-content\\\/uploads\\\/2020\\\/08\\\/CamminoSanVili-143.jpg\",\"width\":1208,\"height\":504,\"caption\":\"CamminoSanVili 143\"},{\"@type\":\"BreadcrumbList\",\"@id\":\"https:\\\/\\\/iduevagamondi.com\\\/it\\\/il-cammino-di-san-vili-trentino\\\/#breadcrumb\",\"itemListElement\":[{\"@type\":\"ListItem\",\"position\":1,\"name\":\"I Due Vagamondi\",\"item\":\"https:\\\/\\\/iduevagamondi.com\\\/it\\\/\"},{\"@type\":\"ListItem\",\"position\":2,\"name\":\"Il Cammino di San Vili &#8211; Trentino\"}]},{\"@type\":\"WebSite\",\"@id\":\"https:\\\/\\\/iduevagamondi.com\\\/it\\\/#website\",\"url\":\"https:\\\/\\\/iduevagamondi.com\\\/it\\\/\",\"name\":\"IDueVagamondi\",\"description\":\"\",\"publisher\":{\"@id\":\"https:\\\/\\\/iduevagamondi.com\\\/it\\\/#organization\"},\"potentialAction\":[{\"@type\":\"SearchAction\",\"target\":{\"@type\":\"EntryPoint\",\"urlTemplate\":\"https:\\\/\\\/iduevagamondi.com\\\/it\\\/?s={search_term_string}\"},\"query-input\":{\"@type\":\"PropertyValueSpecification\",\"valueRequired\":true,\"valueName\":\"search_term_string\"}}],\"inLanguage\":\"it-IT\"},{\"@type\":\"Organization\",\"@id\":\"https:\\\/\\\/iduevagamondi.com\\\/it\\\/#organization\",\"name\":\"IDUEVAGAMONDI\",\"url\":\"https:\\\/\\\/iduevagamondi.com\\\/it\\\/\",\"logo\":{\"@type\":\"ImageObject\",\"inLanguage\":\"it-IT\",\"@id\":\"https:\\\/\\\/iduevagamondi.com\\\/it\\\/#\\\/schema\\\/logo\\\/image\\\/\",\"url\":\"https:\\\/\\\/iduevagamondi.com\\\/wp-content\\\/uploads\\\/2021\\\/07\\\/logo-iduevagamondi.png\",\"contentUrl\":\"https:\\\/\\\/iduevagamondi.com\\\/wp-content\\\/uploads\\\/2021\\\/07\\\/logo-iduevagamondi.png\",\"width\":200,\"height\":141,\"caption\":\"IDUEVAGAMONDI\"},\"image\":{\"@id\":\"https:\\\/\\\/iduevagamondi.com\\\/it\\\/#\\\/schema\\\/logo\\\/image\\\/\"}},{\"@type\":\"Person\",\"@id\":\"https:\\\/\\\/iduevagamondi.com\\\/it\\\/#\\\/schema\\\/person\\\/3fb438fba9a6d5d86bbd718d797dfc85\",\"name\":\"Simone.2vagabondi\",\"image\":{\"@type\":\"ImageObject\",\"inLanguage\":\"it-IT\",\"@id\":\"https:\\\/\\\/secure.gravatar.com\\\/avatar\\\/ac1b2930d9b27588317e978afef03fde1c0a152ad3ea0083f67d5d21f53a8d46?s=96&d=mm&r=g\",\"url\":\"https:\\\/\\\/secure.gravatar.com\\\/avatar\\\/ac1b2930d9b27588317e978afef03fde1c0a152ad3ea0083f67d5d21f53a8d46?s=96&d=mm&r=g\",\"contentUrl\":\"https:\\\/\\\/secure.gravatar.com\\\/avatar\\\/ac1b2930d9b27588317e978afef03fde1c0a152ad3ea0083f67d5d21f53a8d46?s=96&d=mm&r=g\",\"caption\":\"Simone.2vagabondi\"},\"sameAs\":[\"https:\\\/\\\/iduevagamondi.com\"]}]}<\/script>\n<!-- \/ Yoast SEO plugin. -->","yoast_head_json":{"title":"Il Cammino di San Vili - Trentino - IDueVagamondi","description":"Camminare.Scoprire.Entrare in simbiosi con il paesaggio circostante.Vivere e sentirsi vivi.Passo dopo passo.Tutto questo andar lenti, conoscere per","robots":{"index":"index","follow":"follow","max-snippet":"max-snippet:-1","max-image-preview":"max-image-preview:large","max-video-preview":"max-video-preview:-1"},"canonical":"https:\/\/iduevagamondi.com\/it\/il-cammino-di-san-vili-trentino\/","og_locale":"it_IT","og_type":"article","og_title":"Il Cammino di San Vili - Trentino - IDueVagamondi","og_description":"Camminare.Scoprire.Entrare in simbiosi con il paesaggio circostante.Vivere e sentirsi vivi.Passo dopo passo.Tutto questo andar lenti, conoscere per","og_url":"https:\/\/iduevagamondi.com\/it\/il-cammino-di-san-vili-trentino\/","og_site_name":"IDueVagamondi","article_published_time":"2020-08-03T15:32:10+00:00","article_modified_time":"2021-07-29T13:47:36+00:00","og_image":[{"width":1208,"height":504,"url":"https:\/\/iduevagamondi.com\/wp-content\/uploads\/2020\/08\/CamminoSanVili-143.jpg","type":"image\/jpeg"}],"author":"Simone.2vagabondi","twitter_card":"summary_large_image","twitter_misc":{"Scritto da":"Simone.2vagabondi","Tempo di lettura stimato":"8 minuti"},"schema":{"@context":"https:\/\/schema.org","@graph":[{"@type":"Article","@id":"https:\/\/iduevagamondi.com\/it\/il-cammino-di-san-vili-trentino\/#article","isPartOf":{"@id":"https:\/\/iduevagamondi.com\/it\/il-cammino-di-san-vili-trentino\/"},"author":{"name":"Simone.2vagabondi","@id":"https:\/\/iduevagamondi.com\/it\/#\/schema\/person\/3fb438fba9a6d5d86bbd718d797dfc85"},"headline":"Il Cammino di San Vili &#8211; Trentino","datePublished":"2020-08-03T15:32:10+00:00","dateModified":"2021-07-29T13:47:36+00:00","mainEntityOfPage":{"@id":"https:\/\/iduevagamondi.com\/it\/il-cammino-di-san-vili-trentino\/"},"wordCount":1725,"commentCount":0,"publisher":{"@id":"https:\/\/iduevagamondi.com\/it\/#organization"},"image":{"@id":"https:\/\/iduevagamondi.com\/it\/il-cammino-di-san-vili-trentino\/#primaryimage"},"thumbnailUrl":"https:\/\/iduevagamondi.com\/wp-content\/uploads\/2020\/08\/CamminoSanVili-143.jpg","articleSection":["Dolomites","Made in Italy","Montagna","Viaggi","Wildlife"],"inLanguage":"it-IT","potentialAction":[{"@type":"CommentAction","name":"Comment","target":["https:\/\/iduevagamondi.com\/it\/il-cammino-di-san-vili-trentino\/#respond"]}]},{"@type":"WebPage","@id":"https:\/\/iduevagamondi.com\/it\/il-cammino-di-san-vili-trentino\/","url":"https:\/\/iduevagamondi.com\/it\/il-cammino-di-san-vili-trentino\/","name":"Il Cammino di San Vili - Trentino - IDueVagamondi","isPartOf":{"@id":"https:\/\/iduevagamondi.com\/it\/#website"},"primaryImageOfPage":{"@id":"https:\/\/iduevagamondi.com\/it\/il-cammino-di-san-vili-trentino\/#primaryimage"},"image":{"@id":"https:\/\/iduevagamondi.com\/it\/il-cammino-di-san-vili-trentino\/#primaryimage"},"thumbnailUrl":"https:\/\/iduevagamondi.com\/wp-content\/uploads\/2020\/08\/CamminoSanVili-143.jpg","datePublished":"2020-08-03T15:32:10+00:00","dateModified":"2021-07-29T13:47:36+00:00","description":"Camminare.Scoprire.Entrare in simbiosi con il paesaggio circostante.Vivere e sentirsi vivi.Passo dopo passo.Tutto questo andar lenti, conoscere per","breadcrumb":{"@id":"https:\/\/iduevagamondi.com\/it\/il-cammino-di-san-vili-trentino\/#breadcrumb"},"inLanguage":"it-IT","potentialAction":[{"@type":"ReadAction","target":["https:\/\/iduevagamondi.com\/it\/il-cammino-di-san-vili-trentino\/"]}]},{"@type":"ImageObject","inLanguage":"it-IT","@id":"https:\/\/iduevagamondi.com\/it\/il-cammino-di-san-vili-trentino\/#primaryimage","url":"https:\/\/iduevagamondi.com\/wp-content\/uploads\/2020\/08\/CamminoSanVili-143.jpg","contentUrl":"https:\/\/iduevagamondi.com\/wp-content\/uploads\/2020\/08\/CamminoSanVili-143.jpg","width":1208,"height":504,"caption":"CamminoSanVili 143"},{"@type":"BreadcrumbList","@id":"https:\/\/iduevagamondi.com\/it\/il-cammino-di-san-vili-trentino\/#breadcrumb","itemListElement":[{"@type":"ListItem","position":1,"name":"I Due Vagamondi","item":"https:\/\/iduevagamondi.com\/it\/"},{"@type":"ListItem","position":2,"name":"Il Cammino di San Vili &#8211; Trentino"}]},{"@type":"WebSite","@id":"https:\/\/iduevagamondi.com\/it\/#website","url":"https:\/\/iduevagamondi.com\/it\/","name":"IDueVagamondi","description":"","publisher":{"@id":"https:\/\/iduevagamondi.com\/it\/#organization"},"potentialAction":[{"@type":"SearchAction","target":{"@type":"EntryPoint","urlTemplate":"https:\/\/iduevagamondi.com\/it\/?s={search_term_string}"},"query-input":{"@type":"PropertyValueSpecification","valueRequired":true,"valueName":"search_term_string"}}],"inLanguage":"it-IT"},{"@type":"Organization","@id":"https:\/\/iduevagamondi.com\/it\/#organization","name":"IDUEVAGAMONDI","url":"https:\/\/iduevagamondi.com\/it\/","logo":{"@type":"ImageObject","inLanguage":"it-IT","@id":"https:\/\/iduevagamondi.com\/it\/#\/schema\/logo\/image\/","url":"https:\/\/iduevagamondi.com\/wp-content\/uploads\/2021\/07\/logo-iduevagamondi.png","contentUrl":"https:\/\/iduevagamondi.com\/wp-content\/uploads\/2021\/07\/logo-iduevagamondi.png","width":200,"height":141,"caption":"IDUEVAGAMONDI"},"image":{"@id":"https:\/\/iduevagamondi.com\/it\/#\/schema\/logo\/image\/"}},{"@type":"Person","@id":"https:\/\/iduevagamondi.com\/it\/#\/schema\/person\/3fb438fba9a6d5d86bbd718d797dfc85","name":"Simone.2vagabondi","image":{"@type":"ImageObject","inLanguage":"it-IT","@id":"https:\/\/secure.gravatar.com\/avatar\/ac1b2930d9b27588317e978afef03fde1c0a152ad3ea0083f67d5d21f53a8d46?s=96&d=mm&r=g","url":"https:\/\/secure.gravatar.com\/avatar\/ac1b2930d9b27588317e978afef03fde1c0a152ad3ea0083f67d5d21f53a8d46?s=96&d=mm&r=g","contentUrl":"https:\/\/secure.gravatar.com\/avatar\/ac1b2930d9b27588317e978afef03fde1c0a152ad3ea0083f67d5d21f53a8d46?s=96&d=mm&r=g","caption":"Simone.2vagabondi"},"sameAs":["https:\/\/iduevagamondi.com"]}]}},"_links":{"self":[{"href":"https:\/\/iduevagamondi.com\/it\/wp-json\/wp\/v2\/posts\/2583","targetHints":{"allow":["GET"]}}],"collection":[{"href":"https:\/\/iduevagamondi.com\/it\/wp-json\/wp\/v2\/posts"}],"about":[{"href":"https:\/\/iduevagamondi.com\/it\/wp-json\/wp\/v2\/types\/post"}],"author":[{"embeddable":true,"href":"https:\/\/iduevagamondi.com\/it\/wp-json\/wp\/v2\/users\/1"}],"replies":[{"embeddable":true,"href":"https:\/\/iduevagamondi.com\/it\/wp-json\/wp\/v2\/comments?post=2583"}],"version-history":[{"count":3,"href":"https:\/\/iduevagamondi.com\/it\/wp-json\/wp\/v2\/posts\/2583\/revisions"}],"predecessor-version":[{"id":3455,"href":"https:\/\/iduevagamondi.com\/it\/wp-json\/wp\/v2\/posts\/2583\/revisions\/3455"}],"wp:featuredmedia":[{"embeddable":true,"href":"https:\/\/iduevagamondi.com\/it\/wp-json\/wp\/v2\/media\/2674"}],"wp:attachment":[{"href":"https:\/\/iduevagamondi.com\/it\/wp-json\/wp\/v2\/media?parent=2583"}],"wp:term":[{"taxonomy":"category","embeddable":true,"href":"https:\/\/iduevagamondi.com\/it\/wp-json\/wp\/v2\/categories?post=2583"},{"taxonomy":"post_tag","embeddable":true,"href":"https:\/\/iduevagamondi.com\/it\/wp-json\/wp\/v2\/tags?post=2583"}],"curies":[{"name":"wp","href":"https:\/\/api.w.org\/{rel}","templated":true}]}}